{"id":3032,"date":"2026-07-13T14:28:09","date_gmt":"2026-07-13T12:28:09","guid":{"rendered":"https:\/\/svg1878.de\/neu\/?p=3032"},"modified":"2026-07-13T14:30:23","modified_gmt":"2026-07-13T12:30:23","slug":"mitteilungsblatt-vom-02-07-2026-2","status":"publish","type":"post","link":"https:\/\/svg1878.de\/neu\/mitteilungsblatt-vom-02-07-2026-2\/","title":{"rendered":"Mitteilungsblatt vom 09.07.2026"},"content":{"rendered":"\t\t<div data-elementor-type=\"wp-post\" data-elementor-id=\"3032\" class=\"elementor elementor-3032\">\n\t\t\t\t<div class=\"elementor-element elementor-element-31ceb99b e-flex e-con-boxed e-con e-parent\" data-id=\"31ceb99b\" data-element_type=\"container\" data-e-type=\"container\">\n\t\t\t\t\t<div class=\"e-con-inner\">\n\t\t\t\t<div class=\"elementor-element elementor-element-49caf054 elementor-widget elementor-widget-text-editor\" data-id=\"49caf054\" data-element_type=\"widget\" data-e-type=\"widget\" data-widget_type=\"text-editor.default\">\n\t\t\t\t\t\t\t\t\t<p><strong>\u00d6ffnungszeiten Sch\u00fctzenhaus <\/strong><\/p><p>(offen f\u00fcr G\u00e4ste, Getr\u00e4nke \u2013 Ausschank)<\/p><p>\u00a0<\/p><p>Samstag 11. Juli 2026 \u2013 ab 15.00 Uhr Adlerschie\u00dfen<\/p><p>Sonntag 12. Juli 2026 \u2013 10.00 bis 18.00 Uhr<\/p><p>Mittwoch 15. Juli 2026 \u2013 15.30 bis 21.00 Uhr<\/p><p>\u00a0<\/p><p>*<\/p><p><strong>\u00a0<\/strong><\/p><p><strong>Einladung zum Adlerschie\u00dfen 2026<\/strong><\/p><p>Am <strong>Samstag, den 11. Juli 2026<\/strong>, findet ab <strong>15:00 Uhr<\/strong> unser diesj\u00e4hriges <strong>Adlerschie\u00dfen<\/strong> statt. Hierzu laden wir alle Mitglieder, Familienangeh\u00f6rigen und Freunde unseres Vereins ganz herzlich ein.<\/p><p>Wie in jedem Jahr beginnen wir den Nachmittag in geselliger Runde. Helga und Christa sorgen wieder mit einer Auswahl an <strong>Kaffee und Kuchen<\/strong> f\u00fcr das leibliche Wohl.<\/p><p>Anschlie\u00dfend steht nat\u00fcrlich unser traditionelles <strong>Adlerschie\u00dfen<\/strong> im Mittelpunkt. Wir hoffen auf eine zahlreiche Beteiligung, damit das Schie\u00dfen wieder zu einem spannenden und unterhaltsamen Wettkampf wird. Jeder Schuss bringt uns dem neuen Adlerk\u00f6nig oder der neuen Adlerk\u00f6nigin ein St\u00fcck n\u00e4her \u2013 Spannung und gute Stimmung sind also garantiert.<\/p><p>Zum Abschluss des Tages lassen wir den Abend gemeinsam ausklingen. Zum Abendessen gibt es <strong>Schnitzel mit Kartoffelsalat <\/strong>vom Wiesengrund Bronnweiler.<\/p><p>Wir w\u00fcrden uns sehr freuen, wenn m\u00f6glichst viele Vereinsmitglieder den Nachmittag und Abend gemeinsam mit uns verbringen. Ob als Teilnehmer am Schie\u00dfen oder als Zuschauer \u2013 jede und jeder tr\u00e4gt dazu bei, dass unser Adlerschie\u00dfen wieder zu einem sch\u00f6nen und geselligen Vereinsfest wird.<\/p><p><strong>Wir freuen uns auf euer Kommen und w\u00fcnschen schon heute allen Teilnehmerinnen und Teilnehmern viel Erfolg ! <\/strong><\/p><p>\u00a0<\/p><p>*<\/p><p>\u00a0<\/p><p><strong>Kaffee &amp; Kuchen im Sch\u00fctzenhaus <\/strong><\/p><p><strong>\u2013 Einladung zum gem\u00fctlichen Beisammensein<\/strong><\/p><p>Am <strong>Sonntag, den 12. Juli 2026<\/strong>, laden <strong>Helga und Christa<\/strong> ab <strong>14 Uhr<\/strong> herzlich zu Kaffee und Kuchen ins <strong>Sch\u00fctzenhaus<\/strong> ein. Bei gutem Wetter haben wir auch die Terrasse ge\u00f6ffnet.<\/p><p>Genie\u00dfen Sie leckeren Kuchen, frischen Kaffee und eine gem\u00fctliche Atmosph\u00e4re \u2013 ideal f\u00fcr einen kleinen Zwischenstopp oder eine entspannte Pause. Auch G\u00e4ste, die vor oder nach einer Wanderung auf den Ro\u00dfberg unterwegs sind, sind herzlich willkommen!<\/p><p>Kommen Sie vorbei, bringen Sie Freunde und Familie mit und verbringen Sie ein paar sch\u00f6ne Stunden im Sch\u00fctzenhaus. Wir freuen uns auf Ihren Besuch !<\/p><p>\u00a0<\/p><p>*<\/p><p>\u00a0<\/p><p><strong>Vereinsausflug am Samstag, 4. Juli 2026<\/strong><\/p><p>Am Samstag, den <strong>4. Juli 2026<\/strong>, fand der diesj\u00e4hrige Vereinsausflug des Sch\u00fctzenverein G\u00f6nningen statt. <strong>\u00dcber 40 Mitglieder und Familienangeh\u00f6rige<\/strong> nahmen an der Fahrt teil und verbrachten gemeinsam einen abwechslungsreichen und rundum gelungenen Tag. Bei strahlendem Sonnenschein und sommerlichen Temperaturen herrschte bereits bei der Abfahrt um <strong>7:30 Uhr<\/strong> am Feuerwehrhaus in G\u00f6nningen beste Stimmung.<\/p><p>Mit dem Bus f\u00fchrte die Reise zun\u00e4chst nach <strong>Friedrichshafen<\/strong>. P\u00fcnktlich erreichte die Reisegruppe den Hafen, wo um <strong>10:55 Uhr<\/strong> das Schiff zur \u00dcberfahrt nach Lindau ablegte.<\/p><p>Die Schifffahrt \u00fcber den Bodensee war ein besonderer H\u00f6hepunkt des Ausflugs. Bei herrlichem Wetter konnten die Teilnehmer die beeindruckende Aussicht auf den See, die Uferlandschaft und die Alpen genie\u00dfen. Viele nutzten die Gelegenheit, die entspannte Atmosph\u00e4re an Bord zu genie\u00dfen und \/ oder sich angeregt zu unterhalten.<\/p><p>Um <strong>12:20 Uhr<\/strong> erreichte die Gruppe <strong>Lindau<\/strong>. Bis <strong>14:30 Uhr<\/strong> stand den Teilnehmern Zeit zur freien Verf\u00fcgung. Die historische Inselstadt lud zum Bummeln durch die malerischen Gassen, zum Verweilen am Hafen oder zu einer gem\u00fctlichen Einkehr in eines der zahlreichen Caf\u00e9s und Restaurants ein. Das sonnige Wetter machte den Aufenthalt besonders angenehm und sorgte f\u00fcr viele sch\u00f6ne Eindr\u00fccke.<\/p><p>Am Nachmittag ging die Fahrt weiter nach <strong>H\u00f6rbranz<\/strong> zur <strong>Brennerei Prinz<\/strong>. Dort erwartete die Gruppe eine interessante F\u00fchrung durch den Betrieb. Die Teilnehmer erhielten spannende Einblicke in die Herstellung der hochwertigen Edelbr\u00e4nde und Lik\u00f6re. Im Anschluss durfte selbstverst\u00e4ndlich auch eine Verkostung verschiedener Spezialit\u00e4ten nicht fehlen, die bei allen gro\u00dfen Anklang fand.<\/p><p>Gegen <strong>16:30 Uhr<\/strong> trat die Reisegruppe die R\u00fcckfahrt an. Den gelungenen Abschluss bildete das gemeinsame Abendessen im <strong>Gasthaus Rose in Bronnweiler<\/strong>. In geselliger Runde lie\u00df man den sch\u00f6nen Tag bei gutem Essen und vielen netten Gespr\u00e4chen ausklingen.<\/p><p>Der Vereinsausflug 2026 wird allen Beteiligten in bester Erinnerung bleiben. Das abwechslungsreiche Programm, das hervorragende Sommerwetter und die gute Organisation trugen dazu bei, dass dieser Tag zu einem besonderen Gemeinschaftserlebnis wurde. Ein herzlicher Dank gilt allen Organisatoren, die mit viel Engagement f\u00fcr einen reibungslosen Ablauf und einen unvergesslichen Tag gesorgt haben, insbesondere an Martin.<\/p>\t\t\t\t\t\t\t\t<\/div>\n\t\t\t\t\t<\/div>\n\t\t\t\t<\/div>\n\t\t\t\t<\/div>\n\t\t","protected":false},"excerpt":{"rendered":"<p>\u00d6ffnungszeiten Sch\u00fctzenhaus (offen f\u00fcr G\u00e4ste, Getr\u00e4nke \u2013 Ausschank) \u00a0 Samstag 11. Juli 2026 \u2013 ab 15.00 Uhr Adlerschie\u00dfen Sonntag 12. Juli 2026 \u2013 10.00 bis 18.00 Uhr Mittwoch 15. Juli 2026 \u2013 15.30 bis 21.00 Uhr \u00a0 * \u00a0 Einladung zum Adlerschie\u00dfen 2026 Am Samstag, den 11. Juli 2026, findet ab 15:00 Uhr unser diesj\u00e4hriges [&hellip;]<\/p>\n","protected":false},"author":4,"featured_media":0,"comment_status":"closed","ping_status":"closed","sticky":false,"template":"","format":"standard","meta":{"footnotes":""},"categories":[41],"tags":[],"class_list":["post-3032","post","type-post","status-publish","format-standard","hentry","category-mitteilungsblatt"],"_links":{"self":[{"href":"https:\/\/svg1878.de\/neu\/wp-json\/wp\/v2\/posts\/3032","targetHints":{"allow":["GET"]}}],"collection":[{"href":"https:\/\/svg1878.de\/neu\/wp-json\/wp\/v2\/posts"}],"about":[{"href":"https:\/\/svg1878.de\/neu\/wp-json\/wp\/v2\/types\/post"}],"author":[{"embeddable":true,"href":"https:\/\/svg1878.de\/neu\/wp-json\/wp\/v2\/users\/4"}],"replies":[{"embeddable":true,"href":"https:\/\/svg1878.de\/neu\/wp-json\/wp\/v2\/comments?post=3032"}],"version-history":[{"count":4,"href":"https:\/\/svg1878.de\/neu\/wp-json\/wp\/v2\/posts\/3032\/revisions"}],"predecessor-version":[{"id":3036,"href":"https:\/\/svg1878.de\/neu\/wp-json\/wp\/v2\/posts\/3032\/revisions\/3036"}],"wp:attachment":[{"href":"https:\/\/svg1878.de\/neu\/wp-json\/wp\/v2\/media?parent=3032"}],"wp:term":[{"taxonomy":"category","embeddable":true,"href":"https:\/\/svg1878.de\/neu\/wp-json\/wp\/v2\/categories?post=3032"},{"taxonomy":"post_tag","embeddable":true,"href":"https:\/\/svg1878.de\/neu\/wp-json\/wp\/v2\/tags?post=3032"}],"curies":[{"name":"wp","href":"https:\/\/api.w.org\/{rel}","templated":true}]}}