{"id":3027,"date":"2026-07-12T14:25:27","date_gmt":"2026-07-12T12:25:27","guid":{"rendered":"https:\/\/svg1878.de\/neu\/?p=3027"},"modified":"2026-07-13T14:27:41","modified_gmt":"2026-07-13T12:27:41","slug":"mitteilungsblatt-vom-02-07-2026","status":"publish","type":"post","link":"https:\/\/svg1878.de\/neu\/mitteilungsblatt-vom-02-07-2026\/","title":{"rendered":"Mitteilungsblatt vom 02.07.2026"},"content":{"rendered":"\t\t<div data-elementor-type=\"wp-post\" data-elementor-id=\"3027\" class=\"elementor elementor-3027\">\n\t\t\t\t<div class=\"elementor-element elementor-element-31ceb99b e-flex e-con-boxed e-con e-parent\" data-id=\"31ceb99b\" data-element_type=\"container\" data-e-type=\"container\">\n\t\t\t\t\t<div class=\"e-con-inner\">\n\t\t\t\t<div class=\"elementor-element elementor-element-49caf054 elementor-widget elementor-widget-text-editor\" data-id=\"49caf054\" data-element_type=\"widget\" data-e-type=\"widget\" data-widget_type=\"text-editor.default\">\n\t\t\t\t\t\t\t\t\t<p><strong>\u00d6ffnungszeiten Sch\u00fctzenhaus <\/strong><\/p><p>(offen f\u00fcr G\u00e4ste, Getr\u00e4nke \u2013 Ausschank)<\/p><p>\u00a0<\/p><p>Samstag 04. Juli 2026 und Sonntag 05.Juli 2026 geschlossen<\/p><p>Mittwoch 08. Juli 2026 \u2013 15.30 bis 21.00 Uhr<\/p><p>\u00a0<\/p><p>*<\/p><p>\u00a0<\/p><p><strong>Info an alle unsere Vereinsmitglieder<\/strong><\/p><p>\u00a0<\/p><p>Unser Sch\u00fctzenhaus bleibt am Wochenende 04.07. sowie 05.07.2026 geschlossen.<\/p><p>\u00a0<\/p><p>Zur Erinnerung an die Teilnehmer unseres Vereinsausfluges:<\/p><p>Wir treffen uns am Samstag 04.07.2026 um 7.30 Uhr am Feuerwehrhaus.<\/p><p>\u00a0<\/p><p>\u00a0<\/p><p>*<\/p><p>\u00a0<\/p><p><strong>=&gt; Bogenschie\u00dfen Schnuppertag<\/strong><\/p><p>\u00a0<\/p><p>Ihr wolltet schon immer mal Bogenschie\u00dfen ausprobieren ?<\/p><p>\u00a0<\/p><p>Dann kommt einfach mal vorbei. Der Schnuppertag findet von 1<strong>0.00 bis 13.00 Uhr<\/strong>\u00a0statt. Alle, die das Bogenschie\u00dfen gern mal ausprobieren wollen, sind herzlich willkommen. Auch f\u00fcr Kinder, ab ca. 6 Jahre, haben wir passende B\u00f6gen dabei.\u00a0<\/p>\t\t\t\t\t\t\t\t<\/div>\n\t\t\t\t\t<\/div>\n\t\t\t\t<\/div>\n\t\t\t\t<\/div>\n\t\t","protected":false},"excerpt":{"rendered":"<p>\u00d6ffnungszeiten Sch\u00fctzenhaus (offen f\u00fcr G\u00e4ste, Getr\u00e4nke \u2013 Ausschank) \u00a0 Samstag 04. Juli 2026 und Sonntag 05.Juli 2026 geschlossen Mittwoch 08. Juli 2026 \u2013 15.30 bis 21.00 Uhr \u00a0 * \u00a0 Info an alle unsere Vereinsmitglieder \u00a0 Unser Sch\u00fctzenhaus bleibt am Wochenende 04.07. sowie 05.07.2026 geschlossen. \u00a0 Zur Erinnerung an die Teilnehmer unseres Vereinsausfluges: Wir treffen [&hellip;]<\/p>\n","protected":false},"author":4,"featured_media":0,"comment_status":"closed","ping_status":"closed","sticky":false,"template":"","format":"standard","meta":{"footnotes":""},"categories":[41],"tags":[],"class_list":["post-3027","post","type-post","status-publish","format-standard","hentry","category-mitteilungsblatt"],"_links":{"self":[{"href":"https:\/\/svg1878.de\/neu\/wp-json\/wp\/v2\/posts\/3027","targetHints":{"allow":["GET"]}}],"collection":[{"href":"https:\/\/svg1878.de\/neu\/wp-json\/wp\/v2\/posts"}],"about":[{"href":"https:\/\/svg1878.de\/neu\/wp-json\/wp\/v2\/types\/post"}],"author":[{"embeddable":true,"href":"https:\/\/svg1878.de\/neu\/wp-json\/wp\/v2\/users\/4"}],"replies":[{"embeddable":true,"href":"https:\/\/svg1878.de\/neu\/wp-json\/wp\/v2\/comments?post=3027"}],"version-history":[{"count":4,"href":"https:\/\/svg1878.de\/neu\/wp-json\/wp\/v2\/posts\/3027\/revisions"}],"predecessor-version":[{"id":3031,"href":"https:\/\/svg1878.de\/neu\/wp-json\/wp\/v2\/posts\/3027\/revisions\/3031"}],"wp:attachment":[{"href":"https:\/\/svg1878.de\/neu\/wp-json\/wp\/v2\/media?parent=3027"}],"wp:term":[{"taxonomy":"category","embeddable":true,"href":"https:\/\/svg1878.de\/neu\/wp-json\/wp\/v2\/categories?post=3027"},{"taxonomy":"post_tag","embeddable":true,"href":"https:\/\/svg1878.de\/neu\/wp-json\/wp\/v2\/tags?post=3027"}],"curies":[{"name":"wp","href":"https:\/\/api.w.org\/{rel}","templated":true}]}}